{"id":15774,"date":"2024-10-06T19:02:14","date_gmt":"2024-10-06T16:02:14","guid":{"rendered":"https:\/\/akmfachverein.at\/public\/?p=15774"},"modified":"2024-10-22T20:25:15","modified_gmt":"2024-10-22T17:25:15","slug":"wir-haben-beginnt","status":"publish","type":"post","link":"https:\/\/akmfachverein.at\/public\/2024\/10\/06\/wir-haben-beginnt\/","title":{"rendered":"wir haben beginnt&#8230;"},"content":{"rendered":"\n<p>Als AKM \u2013 Alle Kulturen Miteinander Fachverein haben wir am vergangenen Samstag mit gro\u00dfer Spannung unsere Schule f\u00fcr ethische Werte und den Heiligen Koran er\u00f6ffnet. Vor unserer Er\u00f6ffnung haben unsere flei\u00dfigen Lehrer und befreundeten Mentoren unsere Einrichtung gro\u00dfartig gemacht. Wir m\u00f6chten allen unseren Sch\u00fclern, Lehrern, Mentoren und Eltern danken.<\/p>\n\n\n\n<p>Wir w\u00fcnschen Ihnen eine freudige und wunderbare Bildungszeit.<\/p>\n\n\n\n<p><\/p>\n\n\n\n<figure class=\"wp-block-gallery has-nested-images columns-default is-cropped wp-block-gallery-1 is-layout-flex wp-block-gallery-is-layout-flex\">\n<figure class=\"wp-block-image size-large\"><img fetchpriority=\"high\" decoding=\"async\" width=\"600\" height=\"800\" data-id=\"15723\" src=\"https:\/\/akmfachverein.at\/public\/wp-content\/uploads\/2024\/10\/IMG_5890-600x800.jpg\" alt=\"\" class=\"wp-image-15723\" srcset=\"https:\/\/akmfachverein.at\/public\/wp-content\/uploads\/2024\/10\/IMG_5890-600x800.jpg 600w, https:\/\/akmfachverein.at\/public\/wp-content\/uploads\/2024\/10\/IMG_5890-225x300.jpg 225w, https:\/\/akmfachverein.at\/public\/wp-content\/uploads\/2024\/10\/IMG_5890-430x573.jpg 430w, https:\/\/akmfachverein.at\/public\/wp-content\/uploads\/2024\/10\/IMG_5890-150x200.jpg 150w, https:\/\/akmfachverein.at\/public\/wp-content\/uploads\/2024\/10\/IMG_5890.jpg 685w\" sizes=\"(max-width: 600px) 100vw, 600px\" \/><\/figure>\n\n\n\n<figure class=\"wp-block-image size-large\"><img decoding=\"async\" width=\"600\" height=\"800\" data-id=\"15727\" src=\"https:\/\/akmfachverein.at\/public\/wp-content\/uploads\/2024\/10\/IMG_5887-600x800.jpg\" alt=\"\" class=\"wp-image-15727\" srcset=\"https:\/\/akmfachverein.at\/public\/wp-content\/uploads\/2024\/10\/IMG_5887-600x800.jpg 600w, https:\/\/akmfachverein.at\/public\/wp-content\/uploads\/2024\/10\/IMG_5887-225x300.jpg 225w, https:\/\/akmfachverein.at\/public\/wp-content\/uploads\/2024\/10\/IMG_5887-430x573.jpg 430w, https:\/\/akmfachverein.at\/public\/wp-content\/uploads\/2024\/10\/IMG_5887-150x200.jpg 150w, https:\/\/akmfachverein.at\/public\/wp-content\/uploads\/2024\/10\/IMG_5887.jpg 685w\" sizes=\"(max-width: 600px) 100vw, 600px\" \/><\/figure>\n\n\n\n<figure class=\"wp-block-image size-large\"><img decoding=\"async\" width=\"600\" height=\"800\" data-id=\"15728\" src=\"https:\/\/akmfachverein.at\/public\/wp-content\/uploads\/2024\/10\/IMG_5889-600x800.jpg\" alt=\"\" class=\"wp-image-15728\" srcset=\"https:\/\/akmfachverein.at\/public\/wp-content\/uploads\/2024\/10\/IMG_5889-600x800.jpg 600w, https:\/\/akmfachverein.at\/public\/wp-content\/uploads\/2024\/10\/IMG_5889-225x300.jpg 225w, https:\/\/akmfachverein.at\/public\/wp-content\/uploads\/2024\/10\/IMG_5889-430x573.jpg 430w, https:\/\/akmfachverein.at\/public\/wp-content\/uploads\/2024\/10\/IMG_5889-150x200.jpg 150w, https:\/\/akmfachverein.at\/public\/wp-content\/uploads\/2024\/10\/IMG_5889.jpg 685w\" sizes=\"(max-width: 600px) 100vw, 600px\" \/><\/figure>\n\n\n\n<figure class=\"wp-block-image size-large\"><img loading=\"lazy\" decoding=\"async\" width=\"600\" height=\"800\" data-id=\"15722\" src=\"https:\/\/akmfachverein.at\/public\/wp-content\/uploads\/2024\/10\/IMG_5893-600x800.jpg\" alt=\"\" class=\"wp-image-15722\" srcset=\"https:\/\/akmfachverein.at\/public\/wp-content\/uploads\/2024\/10\/IMG_5893-600x800.jpg 600w, https:\/\/akmfachverein.at\/public\/wp-content\/uploads\/2024\/10\/IMG_5893-225x300.jpg 225w, https:\/\/akmfachverein.at\/public\/wp-content\/uploads\/2024\/10\/IMG_5893-430x573.jpg 430w, https:\/\/akmfachverein.at\/public\/wp-content\/uploads\/2024\/10\/IMG_5893-150x200.jpg 150w, https:\/\/akmfachverein.at\/public\/wp-content\/uploads\/2024\/10\/IMG_5893.jpg 685w\" sizes=\"(max-width: 600px) 100vw, 600px\" \/><\/figure>\n\n\n\n<figure class=\"wp-block-image size-large\"><img loading=\"lazy\" decoding=\"async\" width=\"565\" height=\"800\" data-id=\"15649\" src=\"https:\/\/akmfachverein.at\/public\/wp-content\/uploads\/2024\/09\/WhatsApp-Goersel-2024-09-06-saat-12.40.53_9d0ff4cd-565x800.jpg\" alt=\"\" class=\"wp-image-15649\" srcset=\"https:\/\/akmfachverein.at\/public\/wp-content\/uploads\/2024\/09\/WhatsApp-Goersel-2024-09-06-saat-12.40.53_9d0ff4cd-565x800.jpg 565w, https:\/\/akmfachverein.at\/public\/wp-content\/uploads\/2024\/09\/WhatsApp-Goersel-2024-09-06-saat-12.40.53_9d0ff4cd-212x300.jpg 212w, https:\/\/akmfachverein.at\/public\/wp-content\/uploads\/2024\/09\/WhatsApp-Goersel-2024-09-06-saat-12.40.53_9d0ff4cd-768x1087.jpg 768w, https:\/\/akmfachverein.at\/public\/wp-content\/uploads\/2024\/09\/WhatsApp-Goersel-2024-09-06-saat-12.40.53_9d0ff4cd-1085x1536.jpg 1085w, https:\/\/akmfachverein.at\/public\/wp-content\/uploads\/2024\/09\/WhatsApp-Goersel-2024-09-06-saat-12.40.53_9d0ff4cd-430x609.jpg 430w, https:\/\/akmfachverein.at\/public\/wp-content\/uploads\/2024\/09\/WhatsApp-Goersel-2024-09-06-saat-12.40.53_9d0ff4cd-700x991.jpg 700w, https:\/\/akmfachverein.at\/public\/wp-content\/uploads\/2024\/09\/WhatsApp-Goersel-2024-09-06-saat-12.40.53_9d0ff4cd-150x212.jpg 150w, https:\/\/akmfachverein.at\/public\/wp-content\/uploads\/2024\/09\/WhatsApp-Goersel-2024-09-06-saat-12.40.53_9d0ff4cd.jpg 1130w\" sizes=\"(max-width: 565px) 100vw, 565px\" \/><\/figure>\n<\/figure>\n","protected":false},"excerpt":{"rendered":"<p>Als AKM \u2013 Alle Kulturen Miteinander Fachverein haben wir am vergangenen Samstag mit gro\u00dfer Spannung unsere Schule f\u00fcr ethische Werte<\/p>\n","protected":false},"author":2,"featured_media":15587,"comment_status":"open","ping_status":"open","sticky":false,"template":"","format":"standard","meta":{"footnotes":""},"categories":[1,17],"tags":[],"class_list":["post-15774","post","type-post","status-publish","format-standard","has-post-thumbnail","hentry","category-general","category-nachrichten"],"_links":{"self":[{"href":"https:\/\/akmfachverein.at\/public\/wp-json\/wp\/v2\/posts\/15774","targetHints":{"allow":["GET"]}}],"collection":[{"href":"https:\/\/akmfachverein.at\/public\/wp-json\/wp\/v2\/posts"}],"about":[{"href":"https:\/\/akmfachverein.at\/public\/wp-json\/wp\/v2\/types\/post"}],"author":[{"embeddable":true,"href":"https:\/\/akmfachverein.at\/public\/wp-json\/wp\/v2\/users\/2"}],"replies":[{"embeddable":true,"href":"https:\/\/akmfachverein.at\/public\/wp-json\/wp\/v2\/comments?post=15774"}],"version-history":[{"count":2,"href":"https:\/\/akmfachverein.at\/public\/wp-json\/wp\/v2\/posts\/15774\/revisions"}],"predecessor-version":[{"id":15800,"href":"https:\/\/akmfachverein.at\/public\/wp-json\/wp\/v2\/posts\/15774\/revisions\/15800"}],"wp:featuredmedia":[{"embeddable":true,"href":"https:\/\/akmfachverein.at\/public\/wp-json\/wp\/v2\/media\/15587"}],"wp:attachment":[{"href":"https:\/\/akmfachverein.at\/public\/wp-json\/wp\/v2\/media?parent=15774"}],"wp:term":[{"taxonomy":"category","embeddable":true,"href":"https:\/\/akmfachverein.at\/public\/wp-json\/wp\/v2\/categories?post=15774"},{"taxonomy":"post_tag","embeddable":true,"href":"https:\/\/akmfachverein.at\/public\/wp-json\/wp\/v2\/tags?post=15774"}],"curies":[{"name":"wp","href":"https:\/\/api.w.org\/{rel}","templated":true}]}}