{"id":16047,"date":"2025-08-27T15:27:47","date_gmt":"2025-08-27T12:27:47","guid":{"rendered":"https:\/\/akmfachverein.at\/public\/?p=16047"},"modified":"2025-08-27T15:27:48","modified_gmt":"2025-08-27T12:27:48","slug":"gesegnete-mevlid-kandil-nacht","status":"publish","type":"post","link":"https:\/\/akmfachverein.at\/public\/2025\/08\/27\/gesegnete-mevlid-kandil-nacht\/","title":{"rendered":"Gesegnete Mevlid-Kandil-Nacht"},"content":{"rendered":"\n<p><strong>Mit Gebeten laden wir euch alle zum Programm anl\u00e4sslich der gesegneten Geburt ein.<\/strong><\/p>\n\n\n\n<p>Um 20:00 Uhr beginnen wir unser Programm mit dem Abendgebet und laden alle Br\u00fcder und Schwestern herzlich dazu ein.<\/p>\n\n\n\n<p>Mit Lobges\u00e4ngen, <em>Sal\u00e2t und Sel\u00e2m<\/em> sowie <em>Tefriciye<\/em> werden wir unsere Gr\u00fc\u00dfe \u00fcberbringen und mit dem <em>H\u00e2dschat-Gebet<\/em> an die einzige T\u00fcr unserer Bitten klopfen.<\/p>\n\n\n\n<p>F\u00fcr das Programm ist der 4. Stock f\u00fcr die Br\u00fcder und der 3. Stock f\u00fcr die Schwestern vorgesehen.<\/p>\n\n\n\n<p><strong>Vergessen wir nicht, unsere Gebetsteppiche mitzubringen.<\/strong><\/p>\n\n\n\n<p><\/p>\n","protected":false},"excerpt":{"rendered":"<p>Mit Gebeten laden wir euch alle zum Programm anl\u00e4sslich der gesegneten Geburt ein. Um 20:00 Uhr beginnen wir unser Programm<\/p>\n","protected":false},"author":2,"featured_media":16048,"comment_status":"open","ping_status":"open","sticky":false,"template":"","format":"standard","meta":{"footnotes":""},"categories":[1,17,16],"tags":[],"class_list":["post-16047","post","type-post","status-publish","format-standard","has-post-thumbnail","hentry","category-general","category-nachrichten","category-veranstaltungen"],"_links":{"self":[{"href":"https:\/\/akmfachverein.at\/public\/wp-json\/wp\/v2\/posts\/16047","targetHints":{"allow":["GET"]}}],"collection":[{"href":"https:\/\/akmfachverein.at\/public\/wp-json\/wp\/v2\/posts"}],"about":[{"href":"https:\/\/akmfachverein.at\/public\/wp-json\/wp\/v2\/types\/post"}],"author":[{"embeddable":true,"href":"https:\/\/akmfachverein.at\/public\/wp-json\/wp\/v2\/users\/2"}],"replies":[{"embeddable":true,"href":"https:\/\/akmfachverein.at\/public\/wp-json\/wp\/v2\/comments?post=16047"}],"version-history":[{"count":1,"href":"https:\/\/akmfachverein.at\/public\/wp-json\/wp\/v2\/posts\/16047\/revisions"}],"predecessor-version":[{"id":16049,"href":"https:\/\/akmfachverein.at\/public\/wp-json\/wp\/v2\/posts\/16047\/revisions\/16049"}],"wp:featuredmedia":[{"embeddable":true,"href":"https:\/\/akmfachverein.at\/public\/wp-json\/wp\/v2\/media\/16048"}],"wp:attachment":[{"href":"https:\/\/akmfachverein.at\/public\/wp-json\/wp\/v2\/media?parent=16047"}],"wp:term":[{"taxonomy":"category","embeddable":true,"href":"https:\/\/akmfachverein.at\/public\/wp-json\/wp\/v2\/categories?post=16047"},{"taxonomy":"post_tag","embeddable":true,"href":"https:\/\/akmfachverein.at\/public\/wp-json\/wp\/v2\/tags?post=16047"}],"curies":[{"name":"wp","href":"https:\/\/api.w.org\/{rel}","templated":true}]}}