{"id":16056,"date":"2025-09-01T16:34:27","date_gmt":"2025-09-01T13:34:27","guid":{"rendered":"https:\/\/akmfachverein.at\/public\/?p=16056"},"modified":"2025-09-01T16:38:29","modified_gmt":"2025-09-01T13:38:29","slug":"schoen-dass-ihr-wieder-da-seid","status":"publish","type":"post","link":"https:\/\/akmfachverein.at\/public\/2025\/09\/01\/schoen-dass-ihr-wieder-da-seid\/","title":{"rendered":"Sch\u00f6n, dass ihr wieder da seid!"},"content":{"rendered":"\n<p><strong>Liebe Sch\u00fclerinnen und Sch\u00fcler, liebe Lehrerinnen und Lehrer, liebe Eltern,<\/strong><br>das neue Schuljahr hat begonnen! Wir w\u00fcnschen euch allen viel Gl\u00fcck, Gesundheit und Erfolg. M\u00f6ge dieses Schuljahr voller sch\u00f6ner Erlebnisse und gemeinsamer Erfolge sein.<\/p>\n\n\n\n<p><\/p>\n","protected":false},"excerpt":{"rendered":"<p>Liebe Sch\u00fclerinnen und Sch\u00fcler, liebe Lehrerinnen und Lehrer, liebe Eltern,das neue Schuljahr hat begonnen! Wir w\u00fcnschen euch allen viel Gl\u00fcck,<\/p>\n","protected":false},"author":2,"featured_media":16057,"comment_status":"open","ping_status":"open","sticky":false,"template":"","format":"standard","meta":{"footnotes":""},"categories":[1,17,16],"tags":[],"class_list":["post-16056","post","type-post","status-publish","format-standard","has-post-thumbnail","hentry","category-general","category-nachrichten","category-veranstaltungen"],"_links":{"self":[{"href":"https:\/\/akmfachverein.at\/public\/wp-json\/wp\/v2\/posts\/16056","targetHints":{"allow":["GET"]}}],"collection":[{"href":"https:\/\/akmfachverein.at\/public\/wp-json\/wp\/v2\/posts"}],"about":[{"href":"https:\/\/akmfachverein.at\/public\/wp-json\/wp\/v2\/types\/post"}],"author":[{"embeddable":true,"href":"https:\/\/akmfachverein.at\/public\/wp-json\/wp\/v2\/users\/2"}],"replies":[{"embeddable":true,"href":"https:\/\/akmfachverein.at\/public\/wp-json\/wp\/v2\/comments?post=16056"}],"version-history":[{"count":2,"href":"https:\/\/akmfachverein.at\/public\/wp-json\/wp\/v2\/posts\/16056\/revisions"}],"predecessor-version":[{"id":16060,"href":"https:\/\/akmfachverein.at\/public\/wp-json\/wp\/v2\/posts\/16056\/revisions\/16060"}],"wp:featuredmedia":[{"embeddable":true,"href":"https:\/\/akmfachverein.at\/public\/wp-json\/wp\/v2\/media\/16057"}],"wp:attachment":[{"href":"https:\/\/akmfachverein.at\/public\/wp-json\/wp\/v2\/media?parent=16056"}],"wp:term":[{"taxonomy":"category","embeddable":true,"href":"https:\/\/akmfachverein.at\/public\/wp-json\/wp\/v2\/categories?post=16056"},{"taxonomy":"post_tag","embeddable":true,"href":"https:\/\/akmfachverein.at\/public\/wp-json\/wp\/v2\/tags?post=16056"}],"curies":[{"name":"wp","href":"https:\/\/api.w.org\/{rel}","templated":true}]}}