{"id":16210,"date":"2026-03-08T10:30:00","date_gmt":"2026-03-08T07:30:00","guid":{"rendered":"https:\/\/akmfachverein.at\/public\/?p=16210"},"modified":"2026-03-09T01:45:26","modified_gmt":"2026-03-08T22:45:26","slug":"weltfrauentag-8-maerz","status":"publish","type":"post","link":"https:\/\/akmfachverein.at\/public\/2026\/03\/08\/weltfrauentag-8-maerz\/","title":{"rendered":"Weltfrauentag \u2013 8. M\u00e4rz"},"content":{"rendered":"\n<p class=\"has-black-color has-text-color has-link-color wp-elements-4bc2e3a84fa27c4577ab4d76adf021e3\">Der 8. M\u00e4rz ist weltweit ein bedeutender Tag, an dem die Rolle, die Leistungen und die Rechte der Frauen in der Gesellschaft gew\u00fcrdigt werden. Der <strong>Internationale Weltfrauentag<\/strong> erinnert an den Einsatz von Frauen f\u00fcr Gleichberechtigung, Gerechtigkeit und Menschenw\u00fcrde und bietet zugleich die Gelegenheit, auf die Fortschritte und Herausforderungen auf diesem Weg aufmerksam zu machen.<\/p>\n\n\n\n<p class=\"has-black-color has-text-color has-link-color wp-elements-5fdf0b00b0022dd94205edab3f1bca55\">Frauen \u00fcbernehmen in vielen Bereichen unseres Lebens eine wichtige Rolle \u2013 in der Familie, in der Bildung, in der Arbeitswelt, in Wissenschaft, Kultur und im gesellschaftlichen Leben. Eine gerechte und demokratische Gesellschaft kann sich nur dann nachhaltig entwickeln, wenn Frauen gleichberechtigt am sozialen, wirtschaftlichen und politischen Leben teilnehmen k\u00f6nnen.<\/p>\n\n\n\n<p class=\"has-black-color has-text-color has-link-color wp-elements-5a55d6cd0c51ddfea6b475f832fc8cca\">Der Weltfrauentag ist daher nicht nur ein Anlass zum Feiern, sondern auch ein Moment der Reflexion und des gemeinsamen Engagements f\u00fcr eine Zukunft, in der Chancengleichheit und Respekt selbstverst\u00e4ndlich sind.<\/p>\n\n\n\n<p class=\"has-black-color has-text-color has-link-color wp-elements-e64e6b8016b7743f8e1df0e262eb917e\">Wir m\u00f6chten an diesem Tag die Leistungen und den Einsatz von Frauen w\u00fcrdigen und gleichzeitig unsere Wertsch\u00e4tzung f\u00fcr ihren Beitrag zum gesellschaftlichen Zusammenhalt zum Ausdruck bringen.<\/p>\n\n\n\n<p class=\"has-black-color has-text-color has-link-color wp-elements-89cd297758be7382f24a773d5b42a36e\">Allen Frauen w\u00fcnschen wir zum <strong>Internationalen Frauentag am 8. M\u00e4rz<\/strong> Gesundheit, Erfolg und eine Zukunft voller M\u00f6glichkeiten.<\/p>\n\n\n\n<p><\/p>\n","protected":false},"excerpt":{"rendered":"<p>Der 8. M\u00e4rz ist weltweit ein bedeutender Tag, an dem die Rolle, die Leistungen und die Rechte der Frauen in<\/p>\n","protected":false},"author":2,"featured_media":16211,"comment_status":"open","ping_status":"open","sticky":false,"template":"","format":"standard","meta":{"footnotes":""},"categories":[1,17,16],"tags":[],"class_list":["post-16210","post","type-post","status-publish","format-standard","has-post-thumbnail","hentry","category-general","category-nachrichten","category-veranstaltungen"],"_links":{"self":[{"href":"https:\/\/akmfachverein.at\/public\/wp-json\/wp\/v2\/posts\/16210","targetHints":{"allow":["GET"]}}],"collection":[{"href":"https:\/\/akmfachverein.at\/public\/wp-json\/wp\/v2\/posts"}],"about":[{"href":"https:\/\/akmfachverein.at\/public\/wp-json\/wp\/v2\/types\/post"}],"author":[{"embeddable":true,"href":"https:\/\/akmfachverein.at\/public\/wp-json\/wp\/v2\/users\/2"}],"replies":[{"embeddable":true,"href":"https:\/\/akmfachverein.at\/public\/wp-json\/wp\/v2\/comments?post=16210"}],"version-history":[{"count":1,"href":"https:\/\/akmfachverein.at\/public\/wp-json\/wp\/v2\/posts\/16210\/revisions"}],"predecessor-version":[{"id":16212,"href":"https:\/\/akmfachverein.at\/public\/wp-json\/wp\/v2\/posts\/16210\/revisions\/16212"}],"wp:featuredmedia":[{"embeddable":true,"href":"https:\/\/akmfachverein.at\/public\/wp-json\/wp\/v2\/media\/16211"}],"wp:attachment":[{"href":"https:\/\/akmfachverein.at\/public\/wp-json\/wp\/v2\/media?parent=16210"}],"wp:term":[{"taxonomy":"category","embeddable":true,"href":"https:\/\/akmfachverein.at\/public\/wp-json\/wp\/v2\/categories?post=16210"},{"taxonomy":"post_tag","embeddable":true,"href":"https:\/\/akmfachverein.at\/public\/wp-json\/wp\/v2\/tags?post=16210"}],"curies":[{"name":"wp","href":"https:\/\/api.w.org\/{rel}","templated":true}]}}