{"id":16215,"date":"2026-03-16T11:57:15","date_gmt":"2026-03-16T08:57:15","guid":{"rendered":"https:\/\/akmfachverein.at\/public\/?p=16215"},"modified":"2026-03-16T16:29:21","modified_gmt":"2026-03-16T13:29:21","slug":"die-nacht-der-bestimmung-laylat-al-qadr","status":"publish","type":"post","link":"https:\/\/akmfachverein.at\/public\/2026\/03\/16\/die-nacht-der-bestimmung-laylat-al-qadr\/","title":{"rendered":"Die Nacht der Bestimmung (Laylat al-Qadr)"},"content":{"rendered":"\n<p class=\"has-black-color has-text-color has-link-color wp-elements-cc6f067c2882e8a66b5de61a3f1f877d\">Eine der besonderen Eigenschaften des Monats Ramadan ist die <strong>Nacht der Bestimmung (Kadir-Nacht)<\/strong>, die sich in diesem Monat befindet. In dieser Nacht liegt ein Geist der Wertsch\u00e4tzung und der W\u00fcrde. Es ist, als w\u00fcrde uns gesagt:<br><strong>\u201eSch\u00e4tzt den Wert dieser Nacht, damit auch euer Wert erkannt wird.\u201c<\/strong><\/p>\n\n\n\n<p class=\"has-black-color has-text-color has-link-color wp-elements-80cc77175c54558e5a9a9b7f282a159d\">Die wichtigste Besonderheit dieser Nacht ist, dass in ihr unser erhabenes Buch, der <strong>Heilige Qur\u2019an<\/strong>, erstmals zum Himmel der Welt herabgesandt wurde. Der Qur\u2019an ist ein ewiger Kommentar zum Buch des Universums und ein g\u00f6ttlicher Wegweiser, der den Menschen und den Dschinn Gl\u00fcck in beiden Welten schenkt.<\/p>\n\n\n\n<p class=\"has-black-color has-text-color has-link-color wp-elements-d195f31375a41ea4fb02aeab91a21bc7\">Allah (\u062c\u0644\u0651 \u062c\u0644\u0627\u0644\u0647) sagt in der <strong>Sure al-Qadr<\/strong>:<\/p>\n\n\n\n<blockquote class=\"wp-block-quote is-layout-flow wp-block-quote-is-layout-flow\">\n<p class=\"has-black-color has-text-color has-link-color wp-elements-1c86e205e18a52eadff9bc65b9205331\">\u201eWir haben ihn in der Nacht der Bestimmung herabgesandt.<br>Und was l\u00e4sst dich wissen, was die Nacht der Bestimmung ist?<br>Die Nacht der Bestimmung ist besser als tausend Monate.<br>In ihr steigen die Engel und der Geist mit der Erlaubnis ihres Herrn f\u00fcr jede Angelegenheit herab.<br>Friede ist sie bis zum Anbruch der Morgend\u00e4mmerung.\u201c<br>(Sure al-Qadr 97:1-5)<\/p>\n<\/blockquote>\n\n\n\n<p class=\"has-black-color has-text-color has-link-color wp-elements-9b9cee88f12a7b5c8c4f5434cefa985c\">Der Qur\u2019an wurde in dieser Nacht zun\u00e4chst als Ganzes zum Himmel der Welt herabgesandt. Danach wurde er nach und nach, entsprechend den Ereignissen und Bed\u00fcrfnissen, unserem Propheten und damit der ganzen Menschheit offenbart.<\/p>\n\n\n\n<p class=\"has-black-color has-text-color has-link-color wp-elements-b0e00eaacbee67a18995011d39ee7f9d\">Im Vers wird erw\u00e4hnt, dass diese Nacht <strong>besser ist als tausend Monate<\/strong>. Dazu findet sich im Werk <em>Muwatta<\/em> von Imam Malik folgende \u00dcberlieferung:<\/p>\n\n\n\n<p class=\"has-black-color has-text-color has-link-color wp-elements-4e6ad436c948baf7ffe41f50ee6c13ee\">Der Gesandte Allahs (Friede und Segen seien auf ihm) sah die Lebensdauer fr\u00fcherer Gemeinschaften. Als er ihre langen Lebenszeiten und die vielen guten Taten betrachtete, erschien ihm die Lebenszeit seiner eigenen Gemeinschaft kurz. Er bef\u00fcrchtete, dass seine Umma mit dieser k\u00fcrzeren Lebenszeit nicht die gleichen Verdienste erreichen k\u00f6nnte. Daraufhin schenkte Allah ihm <strong>die Nacht der Bestimmung, die wertvoller ist als tausend Monate<\/strong>.<\/p>\n\n\n\n<p class=\"has-black-color has-text-color has-link-color wp-elements-4b4185e1de7199abf029c17561ef61b5\">In einer anderen \u00dcberlieferung erz\u00e4hlte der Prophet (Friede sei mit ihm) seinen Gef\u00e4hrten von vier M\u00e4nnern aus dem Volk Israels, die achtzig Jahre lang ohne S\u00fcnde Allah dienten. Die Gef\u00e4hrten waren dar\u00fcber sehr erstaunt. Daraufhin kam der Engel Gabriel und sagte:<\/p>\n\n\n\n<p class=\"has-black-color has-text-color has-link-color wp-elements-80ad666ce9ae46d4f6fedd23ec2d6c37\">\u201eO Muhammad! Deine Gemeinschaft ist erstaunt \u00fcber diese achtzig Jahre der Anbetung. Allah hat dir etwas Besseres gegeben.\u201c<\/p>\n\n\n\n<p class=\"has-black-color has-text-color has-link-color wp-elements-ffbd4d9af022e4a3f343d5f47e8e171d\">Dann rezitierte er die Sure al-Qadr und sagte:<br>\u201eDies ist besser f\u00fcr dich und deine Gemeinschaft.\u201c<\/p>\n\n\n\n<p class=\"has-black-color has-text-color has-link-color wp-elements-d4bf8594955024e7a655afdb09066cc5\">Tausend Monate entsprechen ungef\u00e4hr <strong>83 Jahren und vier Monaten<\/strong>. Deshalb ist die Kadir-Nacht eine gro\u00dfe Gelegenheit f\u00fcr einen Gl\u00e4ubigen, in nur einer Nacht einen geistigen Lohn zu erlangen, der sonst vielleicht erst in einem ganzen Leben erreicht werden k\u00f6nnte.<\/p>\n\n\n\n<p class=\"has-black-color has-text-color has-link-color wp-elements-16245b00f79f5ca7ce5f69eb2d2cd877\">Aus diesem Grund sollte man diese Gelegenheit nicht verpassen und sich bem\u00fchen, diese Nacht mit Gottesdiensten zu verbringen. Auch die <strong>I\u2018tikaf-Praxis<\/strong> (der R\u00fcckzug in die Moschee in den letzten zehn Tagen des Ramadan) tr\u00e4gt diese Bedeutung in sich. Wer diese Tage gut nutzt, hat auch die Kadir-Nacht genutzt.<\/p>\n\n\n\n<hr class=\"wp-block-separator has-alpha-channel-opacity\"\/>\n\n\n\n<h2 class=\"wp-block-heading\">Wann ist die Kadir-Nacht?<\/h2>\n\n\n\n<p class=\"has-black-color has-text-color has-link-color wp-elements-c41958ced6ad4a232bcbe743d86d0dbc\">So wie unter den Freitagsstunden eine Zeit verborgen ist, in der Gebete besonders erh\u00f6rt werden, und so wie unter den Menschen besondere fromme Diener verborgen sind, so ist auch die <strong>Kadir-Nacht in den letzten zehn Tagen des Ramadan verborgen<\/strong>. Dadurch sollen die Gl\u00e4ubigen wachsam bleiben, viel beten und keine Gelegenheit zum Guten verpassen.<\/p>\n\n\n\n<p class=\"has-black-color has-text-color has-link-color wp-elements-8648915c00b004f36659538fbf675546\">Der Prophet Muhammad (Friede sei mit ihm) sagte:<\/p>\n\n\n\n<p class=\"has-black-color has-text-color has-link-color wp-elements-36d930df09f4df1f538a9da654ce98bb\">\u201eSucht die Nacht der Bestimmung in den letzten zehn Tagen des Ramadan.\u201c<br>(Bukhari, Muslim)<\/p>\n\n\n\n<p class=\"has-black-color has-text-color has-link-color wp-elements-2df16169e8a47ac45eee81729ce604bb\">In einer anderen \u00dcberlieferung sagte er:<\/p>\n\n\n\n<p class=\"has-black-color has-text-color has-link-color wp-elements-78ab32b1ce10c2d65ace1cb9770b344e\">\u201eSucht die Kadir-Nacht in den ungeraden N\u00e4chten der letzten zehn Tage des Ramadan.\u201c<\/p>\n\n\n\n<p>Einige Gef\u00e4hrten sahen in ihren Tr\u00e4umen, dass sie sich in den <strong>letzten sieben N\u00e4chten<\/strong> befindet. Daraufhin sagte der Prophet:<\/p>\n\n\n\n<p>\u201eIch sehe, dass eure Tr\u00e4ume sich auf die letzten sieben N\u00e4chte konzentrieren. Wer sie suchen m\u00f6chte, soll sie in diesen N\u00e4chten suchen.\u201c<\/p>\n\n\n\n<p>In manchen \u00dcberlieferungen wird besonders die <strong>27. Nacht des Ramadan<\/strong> erw\u00e4hnt.<\/p>\n\n\n\n<p>Der Prophet wusste urspr\u00fcnglich, wann genau diese Nacht ist. Doch eines Tages sagte er:<\/p>\n\n\n\n<p>\u201eMir wurde die genaue Nacht der Bestimmung gezeigt. Als ich hinausging, um sie euch mitzuteilen, stritten zwei Menschen miteinander. W\u00e4hrend ich mich damit besch\u00e4ftigte, wurde sie mir vergessen.\u201c<\/p>\n\n\n\n<p>Damit zeigte er auch, wie sehr Streit und Zwietracht unter Gl\u00e4ubigen negative Folgen haben k\u00f6nnen.<\/p>\n\n\n\n<p>Ein ber\u00fchmtes Wort lautet:<\/p>\n\n\n\n<p><strong>\u201eHalte jede Nacht f\u00fcr die Kadir-Nacht und jeden Menschen f\u00fcr H\u0131z\u0131r.\u201c<\/strong><\/p>\n\n\n\n<p>Das bedeutet: So wie die Kadir-Nacht verborgen ist, so kann auch ein besonderer Diener Gottes unter den Menschen verborgen sein. Wer allen Menschen mit Respekt begegnet und jedem Bed\u00fcrftigen hilft, kann eines Tages auf einen besonderen Diener Gottes treffen.<\/p>\n\n\n\n<hr class=\"wp-block-separator has-alpha-channel-opacity\"\/>\n\n\n\n<h2 class=\"wp-block-heading\">Wie man die Kadir-Nacht nutzt<\/h2>\n\n\n\n<p>Die Kadir-Nacht ist eine Nacht, in der Allah den Menschen gro\u00dfz\u00fcgige Gaben schenkt. Wer diese Nacht mit Glauben und der Hoffnung auf Gottes Lohn verbringt, dem werden seine vergangenen S\u00fcnden vergeben.<\/p>\n\n\n\n<p>Der Prophet (Friede sei mit ihm) sagte:<\/p>\n\n\n\n<p>\u201eWer die Nacht der Bestimmung im Glauben und in der Hoffnung auf den Lohn Allahs im Gebet verbringt, dem werden seine fr\u00fcheren S\u00fcnden vergeben.\u201c<br>(Bukhari, Muslim)<\/p>\n\n\n\n<p>In dieser Nacht sollen Muslime:<\/p>\n\n\n\n<ul class=\"wp-block-list\">\n<li>beten<\/li>\n\n\n\n<li>den Qur\u2019an lesen<\/li>\n\n\n\n<li>Dhikr und Bittgebete sprechen<\/li>\n\n\n\n<li>Salawat auf den Propheten senden<\/li>\n\n\n\n<li>Bed\u00fcrftigen helfen und Almosen geben<\/li>\n<\/ul>\n\n\n\n<p>Der Prophet lehrte auch ein besonderes Bittgebet f\u00fcr diese Nacht:<\/p>\n\n\n\n<blockquote class=\"wp-block-quote is-layout-flow wp-block-quote-is-layout-flow\">\n<p><strong>\u201eAllahumma innaka \u2018afuwwun karim, tuhibbul-\u2018afwa fa\u2018fu \u2018anni.\u201c<\/strong><br>\u201eO Allah, Du bist vergebend und gro\u00dfz\u00fcgig, und Du liebst es zu vergeben. So vergib auch mir.\u201c<\/p>\n<\/blockquote>\n\n\n\n<p>Bis zum Morgengrauen ist diese Nacht voller Frieden und Segen. Engel steigen auf die Erde herab, und jede gute Tat wird vielfach belohnt.<\/p>\n\n\n\n<p class=\"has-black-color has-text-color has-link-color wp-elements-f42002ee9d1a3da9f2532556d1cefc5f\">Via: hikmet.net<\/p>\n\n\n\n<p><\/p>\n","protected":false},"excerpt":{"rendered":"<p>Eine der besonderen Eigenschaften des Monats Ramadan ist die Nacht der Bestimmung (Kadir-Nacht), die sich in diesem Monat befindet. In<\/p>\n","protected":false},"author":2,"featured_media":16216,"comment_status":"open","ping_status":"open","sticky":false,"template":"","format":"standard","meta":{"footnotes":""},"categories":[1,17,16],"tags":[],"class_list":["post-16215","post","type-post","status-publish","format-standard","has-post-thumbnail","hentry","category-general","category-nachrichten","category-veranstaltungen"],"_links":{"self":[{"href":"https:\/\/akmfachverein.at\/public\/wp-json\/wp\/v2\/posts\/16215","targetHints":{"allow":["GET"]}}],"collection":[{"href":"https:\/\/akmfachverein.at\/public\/wp-json\/wp\/v2\/posts"}],"about":[{"href":"https:\/\/akmfachverein.at\/public\/wp-json\/wp\/v2\/types\/post"}],"author":[{"embeddable":true,"href":"https:\/\/akmfachverein.at\/public\/wp-json\/wp\/v2\/users\/2"}],"replies":[{"embeddable":true,"href":"https:\/\/akmfachverein.at\/public\/wp-json\/wp\/v2\/comments?post=16215"}],"version-history":[{"count":2,"href":"https:\/\/akmfachverein.at\/public\/wp-json\/wp\/v2\/posts\/16215\/revisions"}],"predecessor-version":[{"id":16219,"href":"https:\/\/akmfachverein.at\/public\/wp-json\/wp\/v2\/posts\/16215\/revisions\/16219"}],"wp:featuredmedia":[{"embeddable":true,"href":"https:\/\/akmfachverein.at\/public\/wp-json\/wp\/v2\/media\/16216"}],"wp:attachment":[{"href":"https:\/\/akmfachverein.at\/public\/wp-json\/wp\/v2\/media?parent=16215"}],"wp:term":[{"taxonomy":"category","embeddable":true,"href":"https:\/\/akmfachverein.at\/public\/wp-json\/wp\/v2\/categories?post=16215"},{"taxonomy":"post_tag","embeddable":true,"href":"https:\/\/akmfachverein.at\/public\/wp-json\/wp\/v2\/tags?post=16215"}],"curies":[{"name":"wp","href":"https:\/\/api.w.org\/{rel}","templated":true}]}}