{"id":16220,"date":"2026-03-18T14:27:57","date_gmt":"2026-03-18T11:27:57","guid":{"rendered":"https:\/\/akmfachverein.at\/public\/?p=16220"},"modified":"2026-03-18T14:27:58","modified_gmt":"2026-03-18T11:27:58","slug":"festgebet-ankuendigung-zum-ramadan-bayram","status":"publish","type":"post","link":"https:\/\/akmfachverein.at\/public\/2026\/03\/18\/festgebet-ankuendigung-zum-ramadan-bayram\/","title":{"rendered":"Festgebet-Ank\u00fcndigung zum Ramadan Bayram"},"content":{"rendered":"\n<p class=\"has-black-color has-text-color has-link-color wp-elements-15086fd457bfbaa8c3c69674cafe5f9b\">Nach den segensreichen Tagen des Ramadans, die voller Barmherzigkeit und Vergebung sind, freuen wir uns, das gesegnete Fest gemeinsam zu erreichen.<\/p>\n\n\n\n<p class=\"has-black-color has-text-color has-link-color wp-elements-c82b3e1feeab35183c0601af22ef0f5c\">Wir laden Sie und Ihre Familie herzlich ein, das Festgebet gemeinsam mit uns zu verrichten und die Freude dieses besonderen Tages miteinander zu teilen.<\/p>\n\n\n\n<p class=\"has-black-color has-text-color has-link-color wp-elements-0d219e169f4b4f40e26e63c0fd2bd9f6\">\ud83d\udd4c <strong>Ort:<\/strong><br>Alle Kulturen Miteinander Fachverein<br>Reumannplatz 7\/3&amp;4, 1100 Wien<\/p>\n\n\n\n<p class=\"has-black-color has-text-color has-link-color wp-elements-a54f0ef7b992329f158fca43151ad0e3\">\ud83d\udd70 <strong>Datum &amp; Uhrzeit:<\/strong><br>Freitag, 20.03.2026<br>Beginn des Festgebets: <strong>06:45 Uhr<\/strong><\/p>\n\n\n\n<p class=\"has-black-color has-text-color has-link-color wp-elements-8b77747d3a4ec99e3c087a998852b3dd\">Nach dem Gebet findet ein gemeinsames Festgr\u00fc\u00dfen (Bayramla\u015fma) statt.<\/p>\n\n\n\n<p class=\"has-black-color has-text-color has-link-color wp-elements-8ea4f2d6d716853d988e242866078926\">Wir w\u00fcnschen Ihnen ein gesegnetes und friedliches Fest!<\/p>\n","protected":false},"excerpt":{"rendered":"<p>Nach den segensreichen Tagen des Ramadans, die voller Barmherzigkeit und Vergebung sind, freuen wir uns, das gesegnete Fest gemeinsam zu<\/p>\n","protected":false},"author":2,"featured_media":16221,"comment_status":"open","ping_status":"open","sticky":false,"template":"","format":"standard","meta":{"footnotes":""},"categories":[1,17,16],"tags":[],"class_list":["post-16220","post","type-post","status-publish","format-standard","has-post-thumbnail","hentry","category-general","category-nachrichten","category-veranstaltungen"],"_links":{"self":[{"href":"https:\/\/akmfachverein.at\/public\/wp-json\/wp\/v2\/posts\/16220","targetHints":{"allow":["GET"]}}],"collection":[{"href":"https:\/\/akmfachverein.at\/public\/wp-json\/wp\/v2\/posts"}],"about":[{"href":"https:\/\/akmfachverein.at\/public\/wp-json\/wp\/v2\/types\/post"}],"author":[{"embeddable":true,"href":"https:\/\/akmfachverein.at\/public\/wp-json\/wp\/v2\/users\/2"}],"replies":[{"embeddable":true,"href":"https:\/\/akmfachverein.at\/public\/wp-json\/wp\/v2\/comments?post=16220"}],"version-history":[{"count":1,"href":"https:\/\/akmfachverein.at\/public\/wp-json\/wp\/v2\/posts\/16220\/revisions"}],"predecessor-version":[{"id":16222,"href":"https:\/\/akmfachverein.at\/public\/wp-json\/wp\/v2\/posts\/16220\/revisions\/16222"}],"wp:featuredmedia":[{"embeddable":true,"href":"https:\/\/akmfachverein.at\/public\/wp-json\/wp\/v2\/media\/16221"}],"wp:attachment":[{"href":"https:\/\/akmfachverein.at\/public\/wp-json\/wp\/v2\/media?parent=16220"}],"wp:term":[{"taxonomy":"category","embeddable":true,"href":"https:\/\/akmfachverein.at\/public\/wp-json\/wp\/v2\/categories?post=16220"},{"taxonomy":"post_tag","embeddable":true,"href":"https:\/\/akmfachverein.at\/public\/wp-json\/wp\/v2\/tags?post=16220"}],"curies":[{"name":"wp","href":"https:\/\/api.w.org\/{rel}","templated":true}]}}